{"id":1036,"date":"2025-08-12T22:56:22","date_gmt":"2025-08-12T22:56:22","guid":{"rendered":"https:\/\/lavalleyasociados.com\/?p=1036"},"modified":"2025-08-12T22:56:22","modified_gmt":"2025-08-12T22:56:22","slug":"propuesta-de-reforma-a-la-ley-federal-del-trabajo-para-ampliar-el-derecho-a-la-desconexion-digital","status":"publish","type":"post","link":"https:\/\/lavalleyasociados.com\/eng\/propuesta-de-reforma-a-la-ley-federal-del-trabajo-para-ampliar-el-derecho-a-la-desconexion-digital\/","title":{"rendered":"Propuesta de Reforma a la Ley Federal del Trabajo para ampliar el Derecho a la Desconexi\u00f3n Digital"},"content":{"rendered":"<p><span style=\"font-weight: 400;\">En el marco de la creciente digitalizaci\u00f3n de las relaciones laborales, se ha presentado una iniciativa legislativa que propone ampliar el derecho a la desconexi\u00f3n digital en M\u00e9xico. Esta propuesta, que a\u00fan se encuentra en proceso de an\u00e1lisis, busca modificar la Ley Federal del Trabajo (LFT) para extender este derecho a todos los trabajadores, sin importar la modalidad en la que laboren.<\/span><\/p>\n<p><b>Alcances de la propuesta<\/b><\/p>\n<p><span style=\"font-weight: 400;\">La iniciativa plantea que los trabajadores tengan el derecho legal de desconectarse de sus dispositivos electr\u00f3nicos una vez concluida su jornada laboral, durante sus d\u00edas de descanso semanal y en vacaciones. Esto implica que los empleadores no podr\u00e1n comunicarse con sus colaboradores por medios electr\u00f3nicos fuera de estos horarios, salvo en situaciones excepcionales que presenten emergencias o riesgos inmediatos para la operaci\u00f3n empresarial.<\/span><\/p>\n<p><span style=\"font-weight: 400;\">Adicionalmente, la propuesta establece que la negativa a responder mensajes o llamadas fuera del horario laboral no podr\u00e1 considerarse como una falta ni ser motivo para sanciones o despidos. De igual forma, se prev\u00e9 que esta desconexi\u00f3n digital se convierta en una obligaci\u00f3n para los empleadores, con el fin de fomentar un ambiente laboral que favorezca la salud f\u00edsica y mental de los trabajadores.<\/span><\/p>\n<p><b>Contexto y relevancia<\/b><\/p>\n<p><span style=\"font-weight: 400;\">Actualmente, la Ley Federal del Trabajo reconoce el derecho a la desconexi\u00f3n digital \u00fanicamente para los empleados que laboran bajo la modalidad de teletrabajo, conforme a la reforma de 2021. Sin embargo, la omnipresencia de las tecnolog\u00edas digitales en todos los \u00e1mbitos laborales ha diluido los l\u00edmites entre la vida personal y profesional, generando impactos que van desde el estr\u00e9s hasta la afectaci\u00f3n en la productividad.<\/span><\/p>\n<p><span style=\"font-weight: 400;\">En este contexto, la iniciativa busca extender la protecci\u00f3n a la desconexi\u00f3n digital a todos los trabajadores, considerando que el respeto al tiempo de descanso y la vida personal es fundamental para el bienestar y equilibrio laboral. Por ejemplo, en sectores donde el trabajo h\u00edbrido o presencial es la norma, los empleados podr\u00edan recibir comunicaciones fuera de su horario, situaci\u00f3n que esta propuesta pretende regular.<\/span><\/p>\n<p><b>Implicaciones para las empresas<\/b><\/p>\n<p><span style=\"font-weight: 400;\">De aprobarse esta reforma, las empresas deber\u00e1n adaptar sus pol\u00edticas internas para respetar el derecho a la desconexi\u00f3n digital de todos sus empleados. Esto podr\u00eda traducirse en:<\/span><\/p>\n<ul>\n<li style=\"font-weight: 400;\" aria-level=\"1\"><span style=\"font-weight: 400;\">Establecer canales y protocolos claros para la comunicaci\u00f3n que respeten los horarios laborales.<\/span><\/li>\n<li style=\"font-weight: 400;\" aria-level=\"1\"><span style=\"font-weight: 400;\">Capacitar a los responsables y supervisores sobre la importancia de esta regulaci\u00f3n.<\/span><\/li>\n<li style=\"font-weight: 400;\" aria-level=\"1\"><span style=\"font-weight: 400;\">Implementar mecanismos tecnol\u00f3gicos que ayuden a limitar el env\u00edo de mensajes o correos electr\u00f3nicos fuera de horario.<\/span><\/li>\n<li style=\"font-weight: 400;\" aria-level=\"1\"><span style=\"font-weight: 400;\">Redefinir la cultura organizacional para equilibrar las demandas laborales con el respeto al tiempo personal de los colaboradores.<\/span><\/li>\n<\/ul>\n<p><span style=\"font-weight: 400;\">Estas acciones podr\u00edan contribuir a mejorar la calidad de vida laboral, reducir el agotamiento y favorecer un mejor desempe\u00f1o profesional, aline\u00e1ndose con las tendencias internacionales en materia de derechos laborales digitales.<\/span><\/p>\n<p><img loading=\"lazy\" decoding=\"async\" class=\"wp-image-1038 aligncenter\" src=\"https:\/\/lavalleyasociados.com\/wp-content\/uploads\/2025\/08\/Imagen-2-300x169.jpg\" alt=\"\" width=\"370\" height=\"208\" srcset=\"https:\/\/lavalleyasociados.com\/wp-content\/uploads\/2025\/08\/Imagen-2-300x169.jpg 300w, https:\/\/lavalleyasociados.com\/wp-content\/uploads\/2025\/08\/Imagen-2-1024x576.jpg 1024w, https:\/\/lavalleyasociados.com\/wp-content\/uploads\/2025\/08\/Imagen-2-768x432.jpg 768w, https:\/\/lavalleyasociados.com\/wp-content\/uploads\/2025\/08\/Imagen-2-1536x864.jpg 1536w, https:\/\/lavalleyasociados.com\/wp-content\/uploads\/2025\/08\/Imagen-2-18x10.jpg 18w, https:\/\/lavalleyasociados.com\/wp-content\/uploads\/2025\/08\/Imagen-2-24x14.jpg 24w, https:\/\/lavalleyasociados.com\/wp-content\/uploads\/2025\/08\/Imagen-2-36x20.jpg 36w, https:\/\/lavalleyasociados.com\/wp-content\/uploads\/2025\/08\/Imagen-2-48x27.jpg 48w, https:\/\/lavalleyasociados.com\/wp-content\/uploads\/2025\/08\/Imagen-2.jpg 1706w\" sizes=\"(max-width: 370px) 100vw, 370px\" \/><\/p>\n<p><b>Conclusi\u00f3n<\/b><\/p>\n<p><span style=\"font-weight: 400;\">La propuesta para ampliar el derecho a la desconexi\u00f3n digital representa un avance significativo hacia la actualizaci\u00f3n de la legislaci\u00f3n laboral mexicana con los nuevos retos que plantea la digitalizaci\u00f3n. Aunque a\u00fan no es una realidad legal, su an\u00e1lisis y discusi\u00f3n refleja la creciente preocupaci\u00f3n por equilibrar las demandas laborales con el respeto al tiempo personal de los trabajadores. Es por ello que si llega a implementarse se marcar\u00e1 un precedente importante para la gesti\u00f3n de las relaciones laborales en un entorno cada vez m\u00e1s digitalizado.<\/span><\/p>\n<p>Cont\u00e1ctanos al <a href=\"https:\/\/wa.link\/8c76b4\">WhatsApp<\/a><\/p>","protected":false},"excerpt":{"rendered":"<p>En el marco de la creciente digitalizaci\u00f3n de las relaciones laborales, se ha presentado una iniciativa legislativa que propone ampliar el derecho a la desconexi\u00f3n digital en M\u00e9xico. Esta propuesta, que a\u00fan se encuentra en proceso de an\u00e1lisis, busca modificar la Ley Federal del Trabajo (LFT) para extender este derecho a todos los trabajadores, sin [&hellip;]<\/p>","protected":false},"author":3,"featured_media":1039,"comment_status":"open","ping_status":"open","sticky":false,"template":"","format":"standard","meta":{"om_disable_all_campaigns":false,"_monsterinsights_skip_tracking":false,"_monsterinsights_sitenote_active":false,"_monsterinsights_sitenote_note":"","_monsterinsights_sitenote_category":0,"_uf_show_specific_survey":0,"_uf_disable_surveys":false,"footnotes":"","_joinchat":[]},"categories":[6,56],"tags":[],"aioseo_notices":[],"_links":{"self":[{"href":"https:\/\/lavalleyasociados.com\/eng\/wp-json\/wp\/v2\/posts\/1036"}],"collection":[{"href":"https:\/\/lavalleyasociados.com\/eng\/wp-json\/wp\/v2\/posts"}],"about":[{"href":"https:\/\/lavalleyasociados.com\/eng\/wp-json\/wp\/v2\/types\/post"}],"author":[{"embeddable":true,"href":"https:\/\/lavalleyasociados.com\/eng\/wp-json\/wp\/v2\/users\/3"}],"replies":[{"embeddable":true,"href":"https:\/\/lavalleyasociados.com\/eng\/wp-json\/wp\/v2\/comments?post=1036"}],"version-history":[{"count":1,"href":"https:\/\/lavalleyasociados.com\/eng\/wp-json\/wp\/v2\/posts\/1036\/revisions"}],"predecessor-version":[{"id":1040,"href":"https:\/\/lavalleyasociados.com\/eng\/wp-json\/wp\/v2\/posts\/1036\/revisions\/1040"}],"wp:featuredmedia":[{"embeddable":true,"href":"https:\/\/lavalleyasociados.com\/eng\/wp-json\/wp\/v2\/media\/1039"}],"wp:attachment":[{"href":"https:\/\/lavalleyasociados.com\/eng\/wp-json\/wp\/v2\/media?parent=1036"}],"wp:term":[{"taxonomy":"category","embeddable":true,"href":"https:\/\/lavalleyasociados.com\/eng\/wp-json\/wp\/v2\/categories?post=1036"},{"taxonomy":"post_tag","embeddable":true,"href":"https:\/\/lavalleyasociados.com\/eng\/wp-json\/wp\/v2\/tags?post=1036"}],"curies":[{"name":"wp","href":"https:\/\/api.w.org\/{rel}","templated":true}]}}